{"id":365,"date":"2018-07-05T10:14:54","date_gmt":"2018-07-05T08:14:54","guid":{"rendered":"http:\/\/hermes.hsu-hh.de\/zup\/?p=365"},"modified":"2019-08-02T10:45:36","modified_gmt":"2019-08-02T08:45:36","slug":"band-12-balkan-pathologies-of-modernity-the-national-question-between-consensus-and-conflict","status":"publish","type":"post","link":"https:\/\/hermes.hsu-hh.de\/zup\/?p=365","title":{"rendered":"Band 12: Balkan Pathologies of Modernity &#8211; The National Question between Consensus and Conflict"},"content":{"rendered":"<p><a href=\"https:\/\/hermes.hsu-hh.de\/zup\/wp-content\/uploads\/sites\/15\/2018\/07\/zup-Band-12.gif\"><img loading=\"lazy\" decoding=\"async\" class=\"size-full wp-image-366 alignleft\" src=\"https:\/\/hermes.hsu-hh.de\/zup\/wp-content\/uploads\/sites\/15\/2018\/07\/zup-Band-12.gif\" alt=\"zup Band 12\" width=\"140\" height=\"208\" \/><\/a>Dr. Vanja Grujic:<\/p>\n<p><strong>Balkan Pathologies of Modernity<\/strong><\/p>\n<p>The National Question between Consensus and Conflict<\/p>\n<p>Im Mittelpunkt dieser Arbeit steht die M\u00f6glichkeit, Modernit\u00e4t und modernes Recht zu \u00fcberdenken und zu kritisieren. Bei Hegel steht zun\u00e4chst das Wort &#8222;modern&#8220; im Mittelpunkt, w\u00e4hrend das Werk von J\u00fcrgen Habermas ein weiteres Ziel und eine M\u00f6glichkeit f\u00fcr die moderne Welt vorlegt \u2013 die Intersubjektivit\u00e4t. Die Welt ist sozial, aber kann die moderne Welt den intersubjektiven Charakter unserer Gesellschaften erfassen? Diese Arbeit folgt den Argumenten von J\u00fcrgen Habermas und gerade dort, wo Defizite erkennbar sind, tritt die Kritik an der Moderne hervor. Jene Kritik st\u00fctzt und fokussiert sich auf die Theorie von Carl Schmitt, die die Konzepte der liberalen Demokratie, Legitimit\u00e4t und Legalit\u00e4t in Frage stellt und dabei Raum l\u00e4sst, um die Ideen und S\u00e4ulen der liberalen Demokratie und ihres Rechts neu zu \u00fcberdenken.<\/p>\n<p>Vanja Grujic, Postdoktorandin im Bereich der politischen und rechtlichen Philosophie, Universit\u00e4t Bras\u00edlia.<\/p>\n<p><a href=\"http:\/\/www.nomos-shop.de\/Grujic-Balkan-Pathologies-of-Modernity\/productview.aspx?product=36406\">Online-Bestellung<\/a><\/p>\n","protected":false},"excerpt":{"rendered":"<p>Dr. Vanja Grujic: Balkan Pathologies of Modernity The National Question between Consensus and Conflict Im Mittelpunkt dieser Arbeit steht die M\u00f6glichkeit, Modernit\u00e4t und modernes Recht zu \u00fcberdenken und zu kritisieren. Bei Hegel steht zun\u00e4chst das Wort &#8222;modern&#8220; im Mittelpunkt, w\u00e4hrend das Werk von J\u00fcrgen Habermas ein weiteres Ziel und eine M\u00f6glichkeit f\u00fcr die moderne Welt [&hellip;]<\/p>\n","protected":false},"author":19,"featured_media":0,"comment_status":"closed","ping_status":"closed","sticky":false,"template":"","format":"standard","meta":{"footnotes":""},"categories":[1],"tags":[],"class_list":["post-365","post","type-post","status-publish","format-standard","hentry","category-allgemein"],"jetpack_featured_media_url":"","_links":{"self":[{"href":"https:\/\/hermes.hsu-hh.de\/zup\/index.php?rest_route=\/wp\/v2\/posts\/365","targetHints":{"allow":["GET"]}}],"collection":[{"href":"https:\/\/hermes.hsu-hh.de\/zup\/index.php?rest_route=\/wp\/v2\/posts"}],"about":[{"href":"https:\/\/hermes.hsu-hh.de\/zup\/index.php?rest_route=\/wp\/v2\/types\/post"}],"author":[{"embeddable":true,"href":"https:\/\/hermes.hsu-hh.de\/zup\/index.php?rest_route=\/wp\/v2\/users\/19"}],"replies":[{"embeddable":true,"href":"https:\/\/hermes.hsu-hh.de\/zup\/index.php?rest_route=%2Fwp%2Fv2%2Fcomments&post=365"}],"version-history":[{"count":2,"href":"https:\/\/hermes.hsu-hh.de\/zup\/index.php?rest_route=\/wp\/v2\/posts\/365\/revisions"}],"predecessor-version":[{"id":369,"href":"https:\/\/hermes.hsu-hh.de\/zup\/index.php?rest_route=\/wp\/v2\/posts\/365\/revisions\/369"}],"wp:attachment":[{"href":"https:\/\/hermes.hsu-hh.de\/zup\/index.php?rest_route=%2Fwp%2Fv2%2Fmedia&parent=365"}],"wp:term":[{"taxonomy":"category","embeddable":true,"href":"https:\/\/hermes.hsu-hh.de\/zup\/index.php?rest_route=%2Fwp%2Fv2%2Fcategories&post=365"},{"taxonomy":"post_tag","embeddable":true,"href":"https:\/\/hermes.hsu-hh.de\/zup\/index.php?rest_route=%2Fwp%2Fv2%2Ftags&post=365"}],"curies":[{"name":"wp","href":"https:\/\/api.w.org\/{rel}","templated":true}]}}